{"id":1255,"date":"2013-09-30T14:32:00","date_gmt":"2013-09-30T14:32:00","guid":{"rendered":"http:\/\/localhost:8080\/ini\/?p=41"},"modified":"2016-10-10T06:54:29","modified_gmt":"2016-10-10T06:54:29","slug":"padang-depreminin-4-yldonumu-4th-year","status":"publish","type":"post","link":"https:\/\/guneydoguasyacalismalari.com\/en\/padang-depreminin-4-yldonumu-4th-year\/","title":{"rendered":"Padang Depremi\u2019nin 4. Y\u0131ld\u00f6n\u00fcm\u00fc \/ 4th Year After The Padang Earthquake"},"content":{"rendered":"<div class=\"MsoNormal\" style=\"text-align: right;\" align=\"right\"><b>30 Eyl\u00fcl 2013<\/b><\/div>\n<div class=\"MsoNormal\" style=\"text-align: justify;\">\n<div class=\"separator\" style=\"clear: both; text-align: center;\"><\/div>\n<p>Bug\u00fcn 30 Eyl\u00fcl&#8230; Padang Depremi\u2019nin 4. Y\u0131ld\u00f6n\u00fcm\u00fc&#8230; 30 Eyl\u00fcl 2009\u2019daki depremin \u00fczerinden d\u00f6rt y\u0131l ge\u00e7ti. Endonezya merkezi h\u00fck\u00fcmetinin uluslararas\u0131 yard\u0131m \u00e7\u0131\u011fl\u0131klar\u0131na cevap veren STK\u2019lar birer birer Bat\u0131 Sumatra Eyaleti Ba\u015fkenti Padang\u2019a akmaya ba\u015flad\u0131. Kimi an\u0131nda hareket etti, kimi gecikerek geldi&#8230; Kimisi de \u2018onlar gidiyor bari bende gideyim\u2019 hesab\u0131yla meseleye yakla\u015ft\u0131&#8230; Sahadan sa\u011fl\u0131kl\u0131 bilgiler almak yerine bu tip durumlarda g\u00f6r\u00fc\u015flerine pek de iltifat edilmeyecek merkez birimlerin verilerine odakland\u0131lar&#8230;<\/p>\n<\/div>\n<div class=\"MsoNormal\" style=\"text-align: justify;\"><\/div>\n<div class=\"MsoNormal\" style=\"text-align: justify;\">Depremin ilk g\u00fcn\u00fc Padang\u2019a ula\u015fan T\u00fcrk olarak ilk g\u00f6zlemlerimizi sadece Padang\u2019da de\u011fil, \u00f6nemli kay\u0131plar\u0131n oldu\u011fu s\u00f6ylenen Parimana\u2019a da giderek yapt\u0131k&#8230; Acaba b\u00fcy\u00fck bir kay\u0131ptan s\u00f6z etmek m\u00fcmk\u00fcn m\u00fcyd\u00fc Padang\u2019da? Birle\u015fmi\u015f Milletler\u2019in yard\u0131m birimleri birbiri ard\u0131na \u2018\u00f6l\u00fc say\u0131lar\u0131n\u0131\u2019 verirken, \u015fehirde ya\u015fam devam ediyordu. Elbette y\u0131k\u0131lan binalar, y\u0131k\u0131nt\u0131lar aras\u0131na s\u0131k\u0131\u015fm\u0131\u015f bedenler vard\u0131. Ancak durum ulusal ve uluslararas\u0131 medyan\u0131n i\u015fledi\u011fi ve resmetti\u011fi gibi de\u011fildi&#8230; Bu depremin alt\u0131nda kalkamayacak bir \u00fclkeyse Endonezya o zaman G-20\u2019de ne i\u015fi var diye sormak gerekmez mi? \u0130nsan kaynaklar\u0131 konusunda yeterli donan\u0131ma sahip de\u011filse, onca bakanl\u0131k, m\u00fcd\u00fcrl\u00fck, eyalet birimleri, \u00fcniversiteler, cemaatleri ne i\u015f yapar diye sormaz m\u0131 insan? Zaten \u00f6yle de oldu&#8230; Avrupa\u2019dan gelen kimi yard\u0131m ekipleri ki aralar\u0131nda \u00f6zel e\u011fitimli k\u00f6pekleriyle gelenler bile vard\u0131- Valilik binas\u0131nda olu\u015fturulan Kriz Y\u00f6netim Merkezi\u2019nin \u00f6n\u00fcnde \u2018esnemiyorlar m\u0131yd\u0131?\u2019<\/div>\n<div class=\"MsoNormal\" style=\"text-align: justify;\"><\/div>\n<div class=\"MsoNormal\" style=\"text-align: justify;\">Peki Padang depremi \u0130slam Konferans\u0131 Te\u015fkilat\u0131 (OIC) i\u00e7in ne anlam ifade ediyor? S\u00f6z konusu te\u015fkilat\u0131n Banda A\u00e7e\u2019deki s\u00f6zde yetim \u00e7al\u0131\u015fmalar\u0131 yapan b\u00fcrosunda yetkililer ne i\u015f yap\u0131yordu o d\u00f6nem? S\u00f6zde m\u00fcd\u00fcr\u00fc T\u00fcrkiye\u2019de ge\u00e7irmekte oldu\u011fu tatilden an\u0131nda d\u00f6nd\u00fc m\u00fc dersiniz? Ya da G\u00fcney Afrikal\u0131 yede\u011fi, elindeki imkanlara ra\u011fmen, hemen depremin birinci g\u00fcn\u00fc Padang\u2019a ula\u015fabilmi\u015f miydi? Bu cevaplara biz hay\u0131r diyoruz kan\u0131tlara, tan\u0131klara bakarak&#8230; Ya Cidde\u2019den verilen deprem mesajlar\u0131na ne demeli o zaman? \u2018Hemen elemanlar\u0131m\u0131z\u0131 g\u00f6zlem heyetimizi g\u00f6nderiyoruz\u2019 diyen Cidde b\u00fcrokrasisi, zaten orada bir \u00e7al\u0131\u015fan\u0131 oldu\u011fundan habersizdi&#8230; Ne i\u015fler d\u00f6n\u00fcyordu Padang\u2019da? Te\u015fkilat\u2019a \u00fcye \u00fclkeleri aya\u011fa kald\u0131rma ba\u011flam\u0131na girecek \u2018yard\u0131m s\u00f6yleminin\u2019 ne kadar\u0131 ger\u00e7ekle\u015ftirildi? \u00d6te yandan, \u0130stanbul\u2019da \u201cAsya Masalar\u0131\u201dna konu\u015flanm\u0131\u015f zevat, sahadan birinci elden duyduklar\u0131 ve ald\u0131klar\u0131 bilgilere inanmak yerine, uluslararas\u0131 ajanslar\u0131n sunumlar\u0131na al\u00e2ka g\u00f6steriyorlard\u0131. \u201cGelmeyin yapabilece\u011finiz neredeyse hi\u00e7bir \u015fey yok\u201d arg\u00fcman\u0131na \u2018\u0131srarla\u2019 kar\u015f\u0131 \u00e7\u0131k\u0131yorlard\u0131&#8230;<\/div>\n<div class=\"MsoNormal\" style=\"text-align: justify;\"><\/div>\n<div class=\"MsoNormal\" style=\"text-align: justify;\">\u00c7\u00fcnk\u00fc art\u0131k \u2018kan isteyen\u2019 medya yoktu ortada sadece, ad\u0131na \u015fu bu denilen STK\u2019lar da vard\u0131&#8230; Velhas\u0131l geleniyle gelmeyeniyle deprem ger\u00e7ekli\u011fine odaklanmak yerine, Benedict Anderson\u2019dan ilhamla s\u00f6ylersek \u2018kurgulanm\u0131\u015f\u2019 ger\u00e7eklikleri \u00fczerinden i\u015f y\u00fcr\u00fctmeyi ye\u011fliyorlard\u0131&#8230; Bu i\u015flerde maharet yapt\u0131klar\u0131 zannedilen zevat ise zamanla o kurumdan bu kuruma atlayarak d\u00fcnyal\u0131klar\u0131n\u0131 kazan\u0131yorlard\u0131&#8230;<\/div>\n<div class=\"MsoNormal\" style=\"text-align: justify;\"><\/div>\n<div class=\"MsoNormal\" style=\"text-align: justify;\">Nihayetinde bir eleman g\u00f6ndermekle yerinde \u2018uzmanlar\u0131n\u0131z\u2019 bir de g\u00f6zlem yaps\u0131n talebine atl\u0131yorlard\u0131&#8230; Uzman gelip bizzat g\u00f6zlem yap\u0131p akabinde \u201cAsya Masalar\u0131\u201dnda kurulmu\u015f olan zevata yukar\u0131daki ayn\u0131 cevab\u0131 yollad\u0131\u011f\u0131nda kendilerini binlerce dolarl\u0131k masraf yapmaktan kurtaranlara d\u00f6n\u00fcp bir \u2018te\u015fekk\u00fcr\u2019 bir etme nezaketi, duyarl\u0131l\u0131\u011f\u0131 sergilemekten acizdiler&#8230; Bunlar\u0131n y\u00fczleri de k\u0131zarm\u0131yor art\u0131k&#8230; Edebin ne b\u00fcy\u00fck nimet oldu\u011funu bu gibi zamanlarda idrak ediyor insan&#8230; T\u0131pk\u0131 Padangl\u0131lara \u2018veriyoruz\u2019 dedikleri y\u00fczer bin dolarl\u0131k yard\u0131mlar\u0131 ger\u00e7ekle\u015ftirmedikleri gibi&#8230; Nas\u0131l olsa kimse yutmaz&#8230; Al\u0131rs\u0131n a\u00e7\u0131k olan marketten bisk\u00fcit, su ve de b\u00f6lgenin olmazsa olmaz\u0131 pirinci da\u011f\u0131t\u0131rs\u0131n biter gider&#8230; Eyvallah!<\/div>\n<div class=\"MsoNormal\" style=\"text-align: justify;\"><\/div>\n<p>&nbsp;<\/p>\n<div class=\"MsoNormal\" style=\"text-align: justify;\">Bug\u00fcn Padang Depremi\u2019nin d\u00f6rd\u00fcnc\u00fc y\u0131ld\u00f6n\u00fcm\u00fc&#8230;. Padang Depremi ger\u00e7eklerini her y\u0131l hat\u0131rlatmaya devam edece\u011fiz&#8230;<\/div>","protected":false},"excerpt":{"rendered":"<p>30 Eyl\u00fcl 2013 Bug\u00fcn 30 Eyl\u00fcl&#8230; Padang Depremi\u2019nin 4. Y\u0131ld\u00f6n\u00fcm\u00fc&#8230; 30 Eyl\u00fcl 2009\u2019daki depremin \u00fczerinden d\u00f6rt y\u0131l ge\u00e7ti. Endonezya merkezi h\u00fck\u00fcmetinin uluslararas\u0131 yard\u0131m \u00e7\u0131\u011fl\u0131klar\u0131na cevap veren STK\u2019lar birer birer Bat\u0131 Sumatra Eyaleti Ba\u015fkenti Padang\u2019a akmaya ba\u015flad\u0131. Kimi an\u0131nda hareket etti, kimi gecikerek geldi&#8230; Kimisi de \u2018onlar gidiyor bari bende gideyim\u2019 hesab\u0131yla meseleye yakla\u015ft\u0131&#8230; Sahadan sa\u011fl\u0131kl\u0131 [&hellip;]<\/p>","protected":false},"author":1,"featured_media":1473,"comment_status":"open","ping_status":"open","sticky":false,"template":"","format":"standard","meta":{"footnotes":""},"categories":[6,70],"tags":[],"class_list":["post-1255","post","type-post","status-publish","format-standard","has-post-thumbnail","hentry","category-gunluk-yazilar","category-sumatra"],"_links":{"self":[{"href":"https:\/\/guneydoguasyacalismalari.com\/en\/wp-json\/wp\/v2\/posts\/1255","targetHints":{"allow":["GET"]}}],"collection":[{"href":"https:\/\/guneydoguasyacalismalari.com\/en\/wp-json\/wp\/v2\/posts"}],"about":[{"href":"https:\/\/guneydoguasyacalismalari.com\/en\/wp-json\/wp\/v2\/types\/post"}],"author":[{"embeddable":true,"href":"https:\/\/guneydoguasyacalismalari.com\/en\/wp-json\/wp\/v2\/users\/1"}],"replies":[{"embeddable":true,"href":"https:\/\/guneydoguasyacalismalari.com\/en\/wp-json\/wp\/v2\/comments?post=1255"}],"version-history":[{"count":0,"href":"https:\/\/guneydoguasyacalismalari.com\/en\/wp-json\/wp\/v2\/posts\/1255\/revisions"}],"wp:featuredmedia":[{"embeddable":true,"href":"https:\/\/guneydoguasyacalismalari.com\/en\/wp-json\/wp\/v2\/media\/1473"}],"wp:attachment":[{"href":"https:\/\/guneydoguasyacalismalari.com\/en\/wp-json\/wp\/v2\/media?parent=1255"}],"wp:term":[{"taxonomy":"category","embeddable":true,"href":"https:\/\/guneydoguasyacalismalari.com\/en\/wp-json\/wp\/v2\/categories?post=1255"},{"taxonomy":"post_tag","embeddable":true,"href":"https:\/\/guneydoguasyacalismalari.com\/en\/wp-json\/wp\/v2\/tags?post=1255"}],"curies":[{"name":"wp","href":"https:\/\/api.w.org\/{rel}","templated":true}]}}