{"id":1160,"date":"2012-10-09T14:23:00","date_gmt":"2012-10-09T14:23:00","guid":{"rendered":"http:\/\/localhost:8080\/ini\/?p=209"},"modified":"2012-10-09T14:23:00","modified_gmt":"2012-10-09T14:23:00","slug":"bir-entelektuel-sahsiyet-harun-keuchik","status":"publish","type":"post","link":"https:\/\/guneydoguasyacalismalari.com\/en\/bir-entelektuel-sahsiyet-harun-keuchik\/","title":{"rendered":"Bir Entelekt\u00fcel \u015eahsiyet: Harun Keuchik Leumiek"},"content":{"rendered":"<p><\/p>\n<div class=\"MsoNormal\" style=\"text-align: justify;\"><b>Mehmet \u00d6zay &nbsp;&nbsp;&nbsp;&nbsp;&nbsp;&nbsp;&nbsp;&nbsp;&nbsp;&nbsp;&nbsp;&nbsp;&nbsp;&nbsp;&nbsp;&nbsp;&nbsp;&nbsp;&nbsp;&nbsp;&nbsp;&nbsp; &nbsp;&nbsp;&nbsp;&nbsp;&nbsp;&nbsp;&nbsp;&nbsp;&nbsp;&nbsp;&nbsp;&nbsp;&nbsp;&nbsp;&nbsp;&nbsp;&nbsp;&nbsp;&nbsp;&nbsp;&nbsp;&nbsp;&nbsp;&nbsp;&nbsp;&nbsp;&nbsp;&nbsp;&nbsp;&nbsp;&nbsp;&nbsp;&nbsp;&nbsp;&nbsp;&nbsp;&nbsp;&nbsp;&nbsp;&nbsp;&nbsp;&nbsp;&nbsp;&nbsp;&nbsp;&nbsp;&nbsp;&nbsp;&nbsp;&nbsp;&nbsp;&nbsp;&nbsp;&nbsp;&nbsp;&nbsp;&nbsp;&nbsp;&nbsp;&nbsp;&nbsp;&nbsp;&nbsp;&nbsp;&nbsp;&nbsp;&nbsp;&nbsp;&nbsp;&nbsp;&nbsp;&nbsp;&nbsp;&nbsp;&nbsp;&nbsp;&nbsp;&nbsp;&nbsp;&nbsp;&nbsp;&nbsp;&nbsp; &nbsp;&nbsp;8 Ekim 2012<\/b><\/div>\n<div class=\"MsoNormal\" style=\"text-align: justify;\">\n<div class=\"separator\" style=\"clear: both; text-align: center;\"><a href=\"http:\/\/1.bp.blogspot.com\/-A7s4_QXQ50U\/UHQ0TeQI_pI\/AAAAAAAAApA\/YTZF3SCD81c\/s1600\/HARUN.jpg\" imageanchor=\"1\" style=\"clear: left; float: left; margin-bottom: 1em; margin-right: 1em;\"><img loading=\"lazy\" decoding=\"async\" border=\"0\" height=\"133\" src=\"http:\/\/localhost:8080\/ini\/wp-content\/uploads\/2012\/10\/HARUN.jpg\" width=\"200\" \/><\/a><\/div>\n<p>Toplumlar\u0131n i\u00e7inden ge\u00e7tikleri t\u00fcm siyasi ve toplumsal \u00e7alkant\u0131lar, h\u0131r-g\u00fcrlere ra\u011fmen, bu yap\u0131 i\u00e7inde k\u00fclt\u00fcr\u00fcn, sanat de\u011ferlerinin ve esteti\u011finin koruyuculu\u011fu sorumlulu\u011funu kendine bi\u00e7en ve sessiz sedas\u0131z bu vazifesini ivedilikle devam ettiren bireyler vard\u0131r. Sosyal ili\u015fkilerin g\u00f6r\u00fcn\u00fcr y\u00fcz\u00fcnde \u00e7o\u011funluk onlar\u0131 farkl\u0131 y\u00f6nleriyle tan\u0131rken, onlar asl\u0131nda tarih olacak bug\u00fcnlerin in\u015fas\u0131 ile me\u015fguld\u00fcrler. \u0130\u015fte Harun Bey de onlardan biri. Tam ad\u0131, Harun Keuchik Leumiek&#8230; A\u00e7e\u2019nin \u00f6nemli m\u00fccevherat\u00e7\u0131s\u0131 olarak bilinir. Bu \u00f6nemi, i\u015fine sayg\u0131s\u0131ndan kaynakland\u0131\u011f\u0131 gibi, belki de genelin bilmedi\u011fi ancak ilgili \u00e7evrelerin yak\u0131ndan takip etti\u011fi \u00fczere bir k\u00fclt\u00fcr adam\u0131 olmas\u0131ndan da kaynaklan\u0131yor.&nbsp;M\u00fccevherat\u00e7\u0131l\u0131\u011f\u0131, onu i\u00e7inde ye\u015ferdi\u011fi toplumun \u00f6nemli sanat ve estetik de\u011ferlerine yo\u011funla\u015fmas\u0131na bu anlamda sadece yerel bazda de\u011fil, ulusal d\u00fczeyde dikkat \u00e7eken bir kolleksiyoner olmas\u0131na neden olmu\u015ftur. Kimilerince kolleksiyonerlik, bir t\u00fcr para kazanma yolu olarak da de\u011ferlendirilebilir elbette. Ancak Harun Beyi daha da \u00f6teye ta\u015f\u0131yan \u00f6zelli\u011fi, elindeki de\u011ferleri daha da anlaml\u0131 k\u0131lacak \u015fekilde \u00e7e\u015fitli yaz\u0131lar, kitaplar kaleme almas\u0131nda yatar. \u201cA\u00e7e\u2019de Alt\u0131n \u0130\u015flemecili\u011fi\u201d (Perhiasan Tradisional Aceh) (1998) ve otobiyografi (2008) \u00e7al\u0131\u015fmas\u0131 bunlardan birka\u00e7. &nbsp;<\/p><\/div>\n<div class=\"MsoNormal\" style=\"text-align: justify;\"><\/div>\n<div class=\"MsoNormal\" style=\"text-align: justify;\">Otobiyografisi demi\u015fken biraz bilgi vereyim. Bu eser, bug\u00fcnlerde yetmi\u015f ya\u015f\u0131na girmi\u015f olan Harun Keuchik Leumiek\u2019in dolu dolu ge\u00e7irdi\u011fi ya\u015fam\u0131n\u0131 ortaya koymakla kalm\u0131yor, ayn\u0131 zamanda, 20. y\u00fczy\u0131l\u0131n ikinci yar\u0131s\u0131nda A\u00e7e\u2019de ya\u015fananlara da bir \u0131\u015f\u0131k tutuyor. Eserde Harun Bey\u2019le ilgili olarak Ameer Hamzah, Prof. Dr. HM. Hakim Nyak Pha, H. Badruzzaman \u0130smail gibi A\u00e7e\u2019nin \u00f6nde gelen ki\u015filerinin g\u00f6r\u00fc\u015flerine yer verilmesi de Harun Bey\u2019in A\u00e7e\u2019nin toplumsal, siyasal ve k\u00fclt\u00fcrel ya\u015fam\u0131ndaki \u00f6nemini ortaya koymaktad\u0131r. A\u00e7e\u2019nin tarihi ve k\u00fclt\u00fcrel birikimini kendinde meczetmi\u015f, entelekt\u00fcel bir \u015fahsiyetle yapt\u0131\u011f\u0131m bu ikinci g\u00f6r\u00fc\u015fme de sona erdi.<\/div>\n<div class=\"MsoNormal\" style=\"text-align: justify;\"><\/div>\n<div class=\"MsoNormal\" style=\"text-align: justify;\">Harun Bey, i\u015finin bir gere\u011fi olarak Endonezya Kuyumcular Derne\u011fi \u00fcyesi. Zanaatk\u00e2rl\u0131\u011f\u0131n\u0131, kolleksiyonerli\u011fini geni\u015f kitlelerle payla\u015fmak ve bu anlamda toplumda bir bilin\u00e7 olu\u015fumuna vesile olmak amac\u0131yla g\u00f6r\u00fc\u015f ve d\u00fcn\u00fc\u015fcelerini Mimbar Swadaya, Medan\u2019da yay\u0131nlanan \u201cHarian Analisa\u201d gibi kimi gazete ve dergilerde yazarak g\u00fcndeme getiriyor. Bu yazarl\u0131\u011f\u0131n\u0131 elli y\u0131l\u0131 a\u015fk\u0131n s\u00fcredir devam ettirdi\u011fi foto\u011fraf\u00e7\u0131l\u0131\u011f\u0131 ile zenginle\u015ftirmi\u015f biri. Bu \u00f6zel \u00e7al\u0131\u015fmalar\u0131n\u0131n yan\u0131 s\u0131ra, kimi kurumlardaki g\u00f6revleri ile bir anlamda resmi h\u00fcviyete kavu\u015fturmu\u015f biri. Bu anlamda, A\u00e7e Gelene\u011fi Derne\u011fi -ki A\u00e7e resmi kurumlar\u0131 ve protokol\u00fc i\u00e7inde \u00f6nemli bir yeri halen devam etmektedir- olarak \u00e7evirebilece\u011fimiz \u201cMajlis Adat Aceh\u201dnin ba\u015fkanl\u0131\u011f\u0131n\u0131 y\u00fcr\u00fctt\u00fc\u011f\u00fc biliniyor. Bir ba\u015fka \u00f6zelli\u011fi ise, A\u00e7e kost\u00fcmleri \u00fczerine ihtisas\u0131. Bu konudaki ilgisi onu kimi tarihi ki\u015filikleri konu alan filmler i\u00e7in kost\u00fcmler \u00fcretme noktas\u0131na kadar getirmi\u015f.<\/div>\n<div class=\"MsoNormal\" style=\"text-align: justify;\"><\/div>\n<div class=\"MsoNormal\" style=\"text-align: justify;\">Harun Bey\u2019in m\u00fccevherat d\u00fckk\u00e2n\u0131 me\u015fhur Beyt\u00fcrrahman Camii\u2019nin hemen yan\u0131 ba\u015f\u0131nda. Buras\u0131, ayn\u0131 zamanda, m\u00fccevherciler soka\u011f\u0131 olarak da bilinir. \u0130lerleyen ya\u015f\u0131na ra\u011fmen, i\u015fiyle al\u00e2kas\u0131n\u0131 devam ettiren, bununla birlikte, vaktinin \u00f6nemli bir b\u00f6l\u00fcm\u00fcn\u00fc de entellekt\u00fcel faaliyete ay\u0131rmaktan geri kalmayan bir zanaatk\u00e2r. \u0130lk kez, bir \u00f6\u011flen vakti d\u00fckk\u00e2n\u0131na yapt\u0131\u011f\u0131m ziyarette tan\u0131\u015fm\u0131\u015ft\u0131m. Duru\u015fu ve konu\u015fu\u015fundaki dikkat ve intizam \u00f6yle ki m\u00fccevhercilik gibi ince i\u015fi bir zanaatla irtibat\u0131ndan geldi\u011fine ku\u015fku yok.<\/div>\n<div class=\"MsoNormal\" style=\"text-align: justify;\"><\/div>\n<div class=\"MsoNormal\" style=\"text-align: justify;\">Harun Bey\u2019in m\u00fccevhercilik sanat\u0131 ile irtibat\u0131n\u0131n, ailesinin A\u00e7e\u2019nin me\u015fhur Bitay K\u00f6y\u00fc\u2019nde ya\u015fam\u0131\u015f olmakl\u0131\u011f\u0131yla irtibat\u0131 g\u00f6z ard\u0131 edilemez. \u00c7\u00fcnk\u00fc bu K\u00f6y, t\u0131pk\u0131 Kampung Pande gibi (Pande\u2019nin g\u00fcm\u00fc\u015f anlam\u0131na gelmesinin de ortaya koydu\u011fu \u00fczere g\u00fcm\u00fc\u015f i\u015f\u00e7ili\u011finin geli\u015fti\u011fi yerdi) ad\u0131 ge\u00e7mi\u015fte bu t\u00fcrden zanaatk\u00e2rl\u0131\u011f\u0131n ye\u015ferdi\u011fi ve geli\u015fme g\u00f6sterdi\u011fi mekan olarak biliniyor. \u201cBug\u00fcn buna dair elimizde ne var?\u201d sorusuna cevab\u0131, Harun Bey\u2019in A\u00e7e\u2019de alt\u0131n i\u015flemecili\u011fi ve s\u00fcslemecili\u011fini konu olan kitab\u0131nda yer verdi\u011fi foto\u011fraflarda buluruz. Bu \u00e7al\u0131\u015fman\u0131n ilk sayfalar\u0131nda 1911 y\u0131l\u0131na tarihlenen siyah-beyaz foto\u011fraf Bitay\u2019da alt\u0131n i\u015fiyle me\u015fgul zanaatk\u00e2rlara dikkat \u00e7ekiyor. Foto\u011fraftakilerden biri de Harun Bey\u2019in b\u00fcy\u00fckbabas\u0131&#8230;<\/div>\n<div class=\"MsoNormal\" style=\"text-align: justify;\"><\/div>\n<div class=\"MsoNormal\" style=\"text-align: justify;\">B\u00f6ylesi bir ailenin ferdi olan Harun Bey, b\u00f6lgede A\u00e7eli zanaatk\u00e2rlarca \u00fcretilen de\u011ferlerin korunmas\u0131 konusundaki \u00e7abas\u0131na \u00f6rnekli\u011fi ile dikkat \u00e7ekiyor. Bu t\u00fcr co\u011frafyalarda, \u00e7e\u015fitli hengameler nedeniyle modern anlamda bir korumadan -en az\u0131ndan yak\u0131n d\u00f6neme kadar- bahsedilemeyece\u011finden hareket ederek s\u00f6ylersek, Harun Bey onun gibi belki birka\u00e7 ki\u015finin varl\u0131\u011f\u0131n\u0131n i\u00e7inde ya\u015fad\u0131klar\u0131 toplumun k\u00fclt\u00fcr ve tarihi varl\u0131klar\u0131n\u0131n nesilden nesile aktar\u0131lmas\u0131ndaki \u00f6nemi ortaya \u00e7\u0131kar. Burada hemen, birka\u00e7 ay \u00f6nce Singapur\u2019da Empress Caddesi\u2019ndeki me\u015fhur Asya Eserleri M\u00fczesi\u2019nde A\u00e7e ile ilgili eserlerin yer ald\u0131\u011f\u0131 ve 19. y\u00fczy\u0131l sonuna tarihlenen, i\u00e7inde kolyelerin (<i>seurapi<\/i>), k\u00fcpelerin (<i>subang<\/i>) bulundu\u011fu b\u00f6l\u00fcmdeki m\u00fccevherleri g\u00f6rd\u00fc\u011f\u00fcmde, Harun Bey\u2019in A\u00e7e toplumu i\u00e7in yapt\u0131\u011f\u0131 \u00e7al\u0131\u015fman\u0131n ne t\u00fcr boyutlar i\u00e7erdi\u011fini bir kez daha fark etmi\u015ftim. <\/div>\n<div class=\"MsoNormal\" style=\"text-align: justify;\"><\/div>\n<div class=\"MsoNormal\" style=\"text-align: justify;\">Harun Bey\u2019in Banda A\u00e7e\u2019nin merkezinde Surabaya Kav\u015fa\u011f\u0131 k\u00f6\u015fesindeki geni\u015f\u00e7e evi bir m\u00fczeyi and\u0131r\u0131yor. Buras\u0131 A\u00e7e sanat eserlerine ilgi duyan yerli ve yabanc\u0131 konuklar\u0131n s\u0131k\u00e7a ziyaret etti\u011fi mek\u00e2nlardan biri. Geni\u015f\u00e7e salona a\u00e7\u0131lan kap\u0131dan girildi\u011finde, evin sahip oldu\u011fu bu k\u0131ymetli eserlere g\u00f6re tasarland\u0131\u011f\u0131 d\u00fc\u015f\u00fcn\u00fcl\u00fcr. Bir u\u00e7tan bir uca camek\u00e2nl\u0131 dolaplar i\u00e7indeki aralar\u0131nda me\u015fhur renconglar\u0131n da bulundu\u011fu envai t\u00fcrden sava\u015f aleti, sultanl\u0131k m\u00fch\u00fcrleri, \u00c7in i\u015fi seramikler ve porselenler, sultanl\u0131k d\u00f6nemine ait alt\u0131n sikkeler, geleneksel k\u0131yafetler, baz\u0131 el yazma eserler vb. yer al\u0131yor. T\u00fcm bu k\u00fclt\u00fcr objeleri, d\u00fckk\u00e2n\u0131nda \u2018saklad\u0131\u011f\u0131\u2019 \u00fc\u00e7 y\u00fczy\u0131ll\u0131k k\u0131l\u0131\u00e7lar\u0131 tamamlayan unsurlard\u0131r. <\/div>\n<div class=\"MsoNormal\" style=\"text-align: justify;\"><\/div>\n<div class=\"MsoNormal\" style=\"text-align: justify;\">Yukar\u0131da foto\u011fraf\u00e7\u0131l\u0131\u011f\u0131na de\u011finmi\u015ftim&#8230; Bu anlamda, elinde \u00f6nemli bir foto\u011fraf koleksiyonu bulunuyor. Her bir foto\u011fraf bir A4 ka\u011f\u0131da yap\u0131\u015ft\u0131r\u0131larak ve \u00fczerine tarihler ve mek\u00e2nlar\u0131n isimleri d\u00fc\u015f\u00fclerek devasa bir \u201cYak\u0131n D\u00f6nem A\u00e7e Tarihi\u201d kay\u0131tlar\u0131 bug\u00fcne kadar geliyor. 1960\u2019l\u0131 y\u0131llardan itibaren foto\u011fraf \u00e7eken say\u0131n Harun Bey, iki farkl\u0131 d\u00f6nemde ger\u00e7ekle\u015ftirdi\u011fi \u00e7ekimlerle iki farkl\u0131 tarihi d\u00f6neme analitik bir yakla\u015f\u0131m sergilemi\u015f oluyordu. Bu ba\u011flamda, bu foto\u011fraflarla Banda A\u00e7e\u2019nin son elli y\u0131l\u0131ndaki de\u011fi\u015fimi ortaya koyuyor. <\/div>\n<div class=\"MsoNormal\" style=\"text-align: justify;\"><\/div>\n<div class=\"MsoNormal\" style=\"text-align: justify;\">Harun Bey, A\u00e7e k\u00fclt\u00fcr ve sanat varl\u0131klar\u0131n\u0131 korumaya y\u00f6nelik ilgisi ve \u00e7abas\u0131 nedeniyle 2006 y\u0131l\u0131nda Endonezya K\u00fclt\u00fcr Bakanl\u0131\u011f\u0131 \u00f6zel \u00f6d\u00fcl\u00fcne lay\u0131k g\u00f6r\u00fclm\u00fc\u015f. Harun Bey\u2019in bu \u00e7abas\u0131n\u0131n yeni nesillerce k\u0131ymetinin bilinmesini temenni ediyorum. <\/div>\n<h1><a href=\"http:\/\/www.dunyabizim.com\/Manset\/11161\/hem-fotografci-hem-koleksiyoner-bir-aceli.html\">http:\/\/www.dunyabizim.com\/Manset\/11161\/hem-fotografci-hem-koleksiyoner-bir-aceli.html<\/a><\/h1>","protected":false},"excerpt":{"rendered":"<p>Mehmet \u00d6zay &nbsp;&nbsp;&nbsp;&nbsp;&nbsp;&nbsp;&nbsp;&nbsp;&nbsp;&nbsp;&nbsp;&nbsp;&nbsp;&nbsp;&nbsp;&nbsp;&nbsp;&nbsp;&nbsp;&nbsp;&nbsp;&nbsp; &nbsp;&nbsp;&nbsp;&nbsp;&nbsp;&nbsp;&nbsp;&nbsp;&nbsp;&nbsp;&nbsp;&nbsp;&nbsp;&nbsp;&nbsp;&nbsp;&nbsp;&nbsp;&nbsp;&nbsp;&nbsp;&nbsp;&nbsp;&nbsp;&nbsp;&nbsp;&nbsp;&nbsp;&nbsp;&nbsp;&nbsp;&nbsp;&nbsp;&nbsp;&nbsp;&nbsp;&nbsp;&nbsp;&nbsp;&nbsp;&nbsp;&nbsp;&nbsp;&nbsp;&nbsp;&nbsp;&nbsp;&nbsp;&nbsp;&nbsp;&nbsp;&nbsp;&nbsp;&nbsp;&nbsp;&nbsp;&nbsp;&nbsp;&nbsp;&nbsp;&nbsp;&nbsp;&nbsp;&nbsp;&nbsp;&nbsp;&nbsp;&nbsp;&nbsp;&nbsp;&nbsp;&nbsp;&nbsp;&nbsp;&nbsp;&nbsp;&nbsp;&nbsp;&nbsp;&nbsp;&nbsp;&nbsp;&nbsp; &nbsp;&nbsp;8 Ekim 2012 Toplumlar\u0131n i\u00e7inden ge\u00e7tikleri t\u00fcm siyasi ve toplumsal \u00e7alkant\u0131lar, h\u0131r-g\u00fcrlere ra\u011fmen, bu yap\u0131 i\u00e7inde k\u00fclt\u00fcr\u00fcn, sanat de\u011ferlerinin ve esteti\u011finin koruyuculu\u011fu sorumlulu\u011funu kendine bi\u00e7en ve sessiz sedas\u0131z bu vazifesini ivedilikle devam ettiren bireyler vard\u0131r. Sosyal ili\u015fkilerin g\u00f6r\u00fcn\u00fcr y\u00fcz\u00fcnde \u00e7o\u011funluk onlar\u0131 farkl\u0131 y\u00f6nleriyle tan\u0131rken, onlar asl\u0131nda tarih olacak bug\u00fcnlerin in\u015fas\u0131 ile [&hellip;]<\/p>","protected":false},"author":1,"featured_media":743,"comment_status":"open","ping_status":"open","sticky":false,"template":"","format":"standard","meta":{"footnotes":""},"categories":[10],"tags":[],"class_list":["post-1160","post","type-post","status-publish","format-standard","has-post-thumbnail","hentry","category-ace"],"_links":{"self":[{"href":"https:\/\/guneydoguasyacalismalari.com\/en\/wp-json\/wp\/v2\/posts\/1160","targetHints":{"allow":["GET"]}}],"collection":[{"href":"https:\/\/guneydoguasyacalismalari.com\/en\/wp-json\/wp\/v2\/posts"}],"about":[{"href":"https:\/\/guneydoguasyacalismalari.com\/en\/wp-json\/wp\/v2\/types\/post"}],"author":[{"embeddable":true,"href":"https:\/\/guneydoguasyacalismalari.com\/en\/wp-json\/wp\/v2\/users\/1"}],"replies":[{"embeddable":true,"href":"https:\/\/guneydoguasyacalismalari.com\/en\/wp-json\/wp\/v2\/comments?post=1160"}],"version-history":[{"count":0,"href":"https:\/\/guneydoguasyacalismalari.com\/en\/wp-json\/wp\/v2\/posts\/1160\/revisions"}],"wp:featuredmedia":[{"embeddable":true,"href":"https:\/\/guneydoguasyacalismalari.com\/en\/wp-json\/"}],"wp:attachment":[{"href":"https:\/\/guneydoguasyacalismalari.com\/en\/wp-json\/wp\/v2\/media?parent=1160"}],"wp:term":[{"taxonomy":"category","embeddable":true,"href":"https:\/\/guneydoguasyacalismalari.com\/en\/wp-json\/wp\/v2\/categories?post=1160"},{"taxonomy":"post_tag","embeddable":true,"href":"https:\/\/guneydoguasyacalismalari.com\/en\/wp-json\/wp\/v2\/tags?post=1160"}],"curies":[{"name":"wp","href":"https:\/\/api.w.org\/{rel}","templated":true}]}}