{"id":1124,"date":"2012-06-17T07:12:00","date_gmt":"2012-06-17T07:12:00","guid":{"rendered":"http:\/\/localhost:8080\/ini\/?p=254"},"modified":"2016-10-10T10:44:57","modified_gmt":"2016-10-10T10:44:57","slug":"rohingyal-musluman-gocmenler-acede","status":"publish","type":"post","link":"https:\/\/guneydoguasyacalismalari.com\/en\/rohingyal-musluman-gocmenler-acede\/","title":{"rendered":"Rohingya Muslim Migrants in Aceh"},"content":{"rendered":"<p>&nbsp;<\/p>\n<div class=\"MsoNormal\" style=\"text-align: justify; text-justify: inter-ideograph;\"><b>Mehmet \u00d6zay \u00a0\u00a0\u00a0\u00a0\u00a0\u00a0\u00a0\u00a0\u00a0\u00a0\u00a0\u00a0\u00a0\u00a0\u00a0\u00a0\u00a0\u00a0\u00a0\u00a0\u00a0\u00a0\u00a0\u00a0\u00a0\u00a0\u00a0\u00a0\u00a0\u00a0\u00a0\u00a0\u00a0\u00a0\u00a0\u00a0\u00a0\u00a0\u00a0\u00a0\u00a0\u00a0\u00a0\u00a0\u00a0\u00a0\u00a0\u00a0\u00a0\u00a0\u00a0\u00a0\u00a0\u00a0\u00a0\u00a0\u00a0\u00a0\u00a0\u00a0\u00a0\u00a0\u00a0\u00a0\u00a0\u00a0\u00a0\u00a0\u00a0\u00a0\u00a0\u00a0\u00a0\u00a0\u00a0\u00a0\u00a0\u00a0\u00a0\u00a0\u00a0\u00a0\u00a0\u00a0\u00a0\u00a0\u00a0\u00a0\u00a0\u00a0\u00a0\u00a0\u00a0\u00a0 \u00a0 \u00a0 \u00a0 \u00a0 \u00a0 \u00a0 \u00a0 \u00a0 \u00a0\u00a016 \u015eubat 2011<\/b><\/div>\n<div class=\"MsoNormal\" style=\"text-align: justify; text-justify: inter-ideograph;\"><b>\u00a0<\/b><\/div>\n<div class=\"MsoNormal\" style=\"text-align: justify; text-justify: inter-ideograph;\">Rohingyal\u0131 M\u00fcsl\u00fcman g\u00f6\u00e7menler bir kez daha A\u00e7e\u2019de. Bug\u00fcn 129 Rohinyal\u0131 m\u00fclteciyi ta\u015f\u0131yan ve motorunun ar\u0131zalanmas\u0131 sonucu okyanusta s\u00fcr\u00fcklenen bir tekne A\u00e7e sahiline ula\u015ft\u0131.<\/div>\n<div class=\"MsoNormal\" style=\"text-align: justify; text-justify: inter-ideograph;\"><\/div>\n<div class=\"MsoNormal\" style=\"text-align: justify; text-justify: inter-ideograph;\">A\u00e7eli bal\u0131k\u00e7\u0131lar taraf\u0131ndan 15 \u015eubat gece yar\u0131s\u0131 saat 23.00 sular\u0131nda, ba\u015fkent Banda A\u00e7e\u2019nin kuzeyinde Malaka Bo\u011faz\u0131\u2019n\u0131n giri\u015fi kabul edilen Krueng Raya a\u00e7\u0131klar\u0131nda g\u00f6r\u00fclen ve sahile \u00e7ekilen teknedeki m\u00fclteciler verdikleri bilgiye g\u00f6re 25 g\u00fcnd\u00fcr denizde hayatta kalma m\u00fccadelesi verdiler. A\u00e7l\u0131k ve susuzluktan bitkin haldeki m\u00fcltecilere ilk m\u00fcdaheleyi yerel sa\u011fl\u0131k oca\u011f\u0131 yetkilileri yapt\u0131. Ard\u0131ndan Malahayati Liman\u0131\u2019na ba\u011fl\u0131 binalarda kendilerine tahsis edilen mek\u00e2nlara yerle\u015ftirilen m\u00fcltecilere A\u00e7e halk\u0131 ve yerel y\u00f6netimi yard\u0131mda bulunuyor. Hedeflerinin Avustralya\u2019ya gitmek oldu\u011funu belirten m\u00fcltecilere resmi i\u015flemleri A\u00e7e Sahil G\u00fcvenlik ve G\u00f6\u00e7men B\u00fcrosu yetkililerince s\u00fcrd\u00fcr\u00fcl\u00fcrken, g\u00f6\u00e7menlerin akibeti ise \u015fimdilik me\u00e7hul.<\/div>\n<div class=\"MsoNormal\" style=\"text-align: justify; text-justify: inter-ideograph;\"><\/div>\n<div class=\"MsoNormal\" style=\"text-align: justify; text-justify: inter-ideograph;\">2008 y\u0131l\u0131 sonu ile 2009 y\u0131l\u0131 ba\u015flar\u0131nda iki ayr\u0131 grup olarak A\u00e7e\u2019de karaya \u00e7\u0131kan Rohingyal\u0131 M\u00fcsl\u00fcmanlar\u0131n dram\u0131 devam ediyor. Gerek Myanmar\u2019daki olumsuz ko\u015fullar gerekse Tayland\u2019da \u00f6zellikle ordunun insanl\u0131k d\u0131\u015f\u0131 muamelelerine maruz kalan Rohingyal\u0131 M\u00fcsl\u00fcmanlar \u00f6l\u00fcm\u00fc dahi g\u00f6ze alarak f\u0131rsatta \u00fc\u00e7\u00fcnc\u00fc bir \u00fclkeye siyasi m\u00fclteci s\u0131fat\u0131yla iltica etmeyi g\u00f6ze al\u0131yorlar. Ah\u015fap teknelerle okyanusa a\u00e7\u0131lan m\u00fclteciler, yak\u0131tlar\u0131n\u0131n bitmesiyle r\u00fczgar ve dalgalar\u0131n etkisiyle kaderleri ile ba\u015fba\u015fa kal\u0131yorlar. Bengal K\u00f6rfezi\u2019nde gezinen teknelerdeki m\u00fclteciler, f\u0131rt\u0131nada alabora olmaktan kurtulmalar\u0131 halinde, do\u011fal olarak Sumatra Adas\u0131\u2019n\u0131n kuzeyinde karaya \u00e7\u0131k\u0131yorlar.<\/div>\n<div class=\"MsoNormal\" style=\"text-align: justify; text-justify: inter-ideograph;\"><\/div>\n<div class=\"MsoNormal\" style=\"text-align: justify; text-justify: inter-ideograph;\">Uzmanlar daha \u00f6nceki tecr\u00fcbelere dayanarak, s\u00f6z konusu yeni m\u00fcltecilerin uzun s\u00fcre A\u00e7e\u2019de kalabileceklerini \u00f6ng\u00f6r\u00fcyorlar.<\/div>","protected":false},"excerpt":{"rendered":"<p>&nbsp; Mehmet \u00d6zay \u00a0\u00a0\u00a0\u00a0\u00a0\u00a0\u00a0\u00a0\u00a0\u00a0\u00a0\u00a0\u00a0\u00a0\u00a0\u00a0\u00a0\u00a0\u00a0\u00a0\u00a0\u00a0\u00a0\u00a0\u00a0\u00a0\u00a0\u00a0\u00a0\u00a0\u00a0\u00a0\u00a0\u00a0\u00a0\u00a0\u00a0\u00a0\u00a0\u00a0\u00a0\u00a0\u00a0\u00a0\u00a0\u00a0\u00a0\u00a0\u00a0\u00a0\u00a0\u00a0\u00a0\u00a0\u00a0\u00a0\u00a0\u00a0\u00a0\u00a0\u00a0\u00a0\u00a0\u00a0\u00a0\u00a0\u00a0\u00a0\u00a0\u00a0\u00a0\u00a0\u00a0\u00a0\u00a0\u00a0\u00a0\u00a0\u00a0\u00a0\u00a0\u00a0\u00a0\u00a0\u00a0\u00a0\u00a0\u00a0\u00a0\u00a0\u00a0\u00a0\u00a0\u00a0 \u00a0 \u00a0 \u00a0 \u00a0 \u00a0 \u00a0 \u00a0 \u00a0 \u00a0\u00a016 \u015eubat 2011 \u00a0 Rohingyal\u0131 M\u00fcsl\u00fcman g\u00f6\u00e7menler bir kez daha A\u00e7e\u2019de. Bug\u00fcn 129 Rohinyal\u0131 m\u00fclteciyi ta\u015f\u0131yan ve motorunun ar\u0131zalanmas\u0131 sonucu okyanusta s\u00fcr\u00fcklenen bir tekne A\u00e7e sahiline ula\u015ft\u0131. A\u00e7eli bal\u0131k\u00e7\u0131lar taraf\u0131ndan 15 \u015eubat gece yar\u0131s\u0131 saat 23.00 sular\u0131nda, ba\u015fkent Banda A\u00e7e\u2019nin kuzeyinde Malaka Bo\u011faz\u0131\u2019n\u0131n [&hellip;]<\/p>","protected":false},"author":1,"featured_media":0,"comment_status":"open","ping_status":"open","sticky":false,"template":"","format":"standard","meta":{"footnotes":""},"categories":[10,36,6],"tags":[],"class_list":["post-1124","post","type-post","status-publish","format-standard","hentry","category-ace","category-arakanli-muslumanlar","category-gunluk-yazilar"],"_links":{"self":[{"href":"https:\/\/guneydoguasyacalismalari.com\/en\/wp-json\/wp\/v2\/posts\/1124","targetHints":{"allow":["GET"]}}],"collection":[{"href":"https:\/\/guneydoguasyacalismalari.com\/en\/wp-json\/wp\/v2\/posts"}],"about":[{"href":"https:\/\/guneydoguasyacalismalari.com\/en\/wp-json\/wp\/v2\/types\/post"}],"author":[{"embeddable":true,"href":"https:\/\/guneydoguasyacalismalari.com\/en\/wp-json\/wp\/v2\/users\/1"}],"replies":[{"embeddable":true,"href":"https:\/\/guneydoguasyacalismalari.com\/en\/wp-json\/wp\/v2\/comments?post=1124"}],"version-history":[{"count":0,"href":"https:\/\/guneydoguasyacalismalari.com\/en\/wp-json\/wp\/v2\/posts\/1124\/revisions"}],"wp:attachment":[{"href":"https:\/\/guneydoguasyacalismalari.com\/en\/wp-json\/wp\/v2\/media?parent=1124"}],"wp:term":[{"taxonomy":"category","embeddable":true,"href":"https:\/\/guneydoguasyacalismalari.com\/en\/wp-json\/wp\/v2\/categories?post=1124"},{"taxonomy":"post_tag","embeddable":true,"href":"https:\/\/guneydoguasyacalismalari.com\/en\/wp-json\/wp\/v2\/tags?post=1124"}],"curies":[{"name":"wp","href":"https:\/\/api.w.org\/{rel}","templated":true}]}}