{"id":1052,"date":"2012-04-12T00:36:00","date_gmt":"2012-04-12T00:36:00","guid":{"rendered":"http:\/\/localhost:8080\/ini\/?p=336"},"modified":"2012-04-12T00:36:00","modified_gmt":"2012-04-12T00:36:00","slug":"acede-depremin-hatrlattklar-i","status":"publish","type":"post","link":"https:\/\/guneydoguasyacalismalari.com\/en\/acede-depremin-hatrlattklar-i\/","title":{"rendered":"A\u00e7e\u2019de Depremin Hat\u0131rlatt\u0131klar\u0131 (I)"},"content":{"rendered":"<p><\/p>\n<div class=\"separator\" style=\"clear: both; text-align: center;\"><\/div>\n<div class=\"separator\" style=\"clear: both; text-align: center;\"><\/div>\n<div class=\"separator\" style=\"clear: both; text-align: center;\"><a href=\"http:\/\/localhost:8080\/ini\/wp-content\/uploads\/2012\/04\/aceh-gempa1.jpg\" imageanchor=\"1\" style=\"margin-left: 1em; margin-right: 1em;\"><img decoding=\"async\" border=\"0\" src=\"http:\/\/localhost:8080\/ini\/wp-content\/uploads\/2012\/04\/aceh-gempa1.jpg\" \/><\/a><\/div>\n<div class=\"separator\" style=\"clear: both; text-align: center;\"><\/div>\n<div class=\"MsoNormal\" style=\"text-align: justify;\">A\u00e7e\u2019de her deprem olu\u015funda T\u00fcrk medyas\u0131nda bir hareketlenmenin ba\u015f g\u00f6stermesi do\u011fal. Bunu defaatle g\u00fcndeme getirdik. Tekrar etmeyece\u011fiz&#8230; \u0130lk etapta dikkat \u00e7eken husus, s\u00fcrekli 26 Aral\u0131k 2004 depremine -daha do\u011frusu tsunamiye- at\u0131f yap\u0131larak vefat edenlerin say\u0131s\u0131yla ilgili bilgiler geliyor. Kimi 120.000, kimi 130.000 kimileri de say\u0131s\u0131 epeyce yukar\u0131ya \u00e7ekerek 200.000 ki\u015finin vefat etti\u011fini belirtiyor. Anla\u015f\u0131lan o ki, aradan ge\u00e7en yedi y\u0131la ra\u011fmen, ilgililer hen\u00fcz ortak bir say\u0131 etraf\u0131nda bulu\u015fabilmi\u015f de\u011fil. <\/div>\n<div class=\"MsoNormal\" style=\"text-align: justify;\"><\/div>\n<div class=\"MsoNormal\" style=\"text-align: justify;\">Temelde depremler \u00fcrk\u00fct\u00fcc\u00fcd\u00fcr. A\u00e7e i\u00e7in bunun bir ba\u015fka boyutta hissedildi\u011fine ku\u015fku yok. G\u00fcneydo\u011fu Asya veya en az\u0131ndan ilgi alan\u0131m\u0131z\u0131n oda\u011f\u0131nda olmas\u0131 hasebiyle A\u00e7e depremlerinin, yani tektonik hadiselerin ortaya \u00e7\u0131k\u0131\u015f\u0131 \u00f6rne\u011fin T\u00fcrkiye\u2019deki depremlerden farkl\u0131l\u0131k arz eder. Bu fark\u0131 bilmeyen ya da bildi\u011fi halde payla\u015fmayan organlar, halk aras\u0131nda heyecan\u0131n y\u00fckselmesine neden olabilirler. Nedir iki co\u011frafyadaki depremlerin fark\u0131? En temel itibar\u0131yla A\u00e7e depremleri yatay eksende ger\u00e7ekle\u015fir, T\u00fcrkiye\u2019de ise dikey oldu\u011fu ifade edilir. Yatay eksenli depremlerin \u015fiddeti y\u00fcksek olsa da, kay\u0131plar ve y\u0131k\u0131mlar noktas\u0131nda \u015fiddetine oranla \u201cg\u00f6rece\u201d minimal d\u00fczeyde kal\u0131r. Bu \u00e7er\u00e7evede, daha hen\u00fcz yeni ger\u00e7ekle\u015fen 11 Nisan\u2019daki A\u00e7e depremi boyut olarak neredeyse 26 Aral\u0131k 2004 depremine yak\u0131n: 8.9 (\u015fu anki veriler 8.6 ila 8.9 aras\u0131nda de\u011fi\u015fiyor). Bu bilgileri T\u00fcrk (ve de d\u00fcnya) kamuoyu ile payla\u015f\u0131lmas\u0131yla ola\u011fan\u00fcst\u00fc bir \u201cheyecan dalgas\u0131n\u0131n da\u201d harekete ge\u00e7irilmedi\u011fini kim s\u00f6yleyebilir.<\/div>\n<div class=\"MsoNormal\" style=\"text-align: justify;\"><\/div>\n<div class=\"MsoNormal\" style=\"text-align: justify;\">Evet, depremler korkutucudur. \u00d6te yandan, deprem b\u00f6lgesinde ya\u015fayan insanlar\u0131n hissiyatlar\u0131 ve maddi ortam\u0131n getirdi\u011fi \u015fartlar\u0131 alg\u0131lamak i\u00e7in kafi miktarda tecr\u00fcbe sahibi oldu\u011fumuzu d\u00fc\u015f\u00fcn\u00fcyorum. Elbette A\u00e7eliler canh\u0131ra\u015f bir \u015fekilde evlerini, ofislerini terk ederek kendilerini soka\u011fa at\u0131yorlar; motosikletlerine, arabalar\u0131na binerek yak\u0131nlar\u0131na ula\u015fmaya \u00e7al\u0131\u015f\u0131yorlar. Bu do\u011fal bir refleks. Do\u011fal olmayan\u0131 ise bu reflekse uygun bir tepki olu\u015fturulamamas\u0131 oldu\u011fu g\u00f6zlemleniyor. <\/div>\n<div class=\"MsoNormal\" style=\"text-align: justify;\"><\/div>\n<p>\u00d6yle g\u00f6z\u00fck\u00fcyor ki, h\u00e2l\u00e2 A\u00e7eliler kadar A\u00e7e\u2019yi de tan\u0131maya ihtiyac\u0131m\u0131z var.&nbsp;<\/p>","protected":false},"excerpt":{"rendered":"<p>A\u00e7e\u2019de her deprem olu\u015funda T\u00fcrk medyas\u0131nda bir hareketlenmenin ba\u015f g\u00f6stermesi do\u011fal. Bunu defaatle g\u00fcndeme getirdik. Tekrar etmeyece\u011fiz&#8230; \u0130lk etapta dikkat \u00e7eken husus, s\u00fcrekli 26 Aral\u0131k 2004 depremine -daha do\u011frusu tsunamiye- at\u0131f yap\u0131larak vefat edenlerin say\u0131s\u0131yla ilgili bilgiler geliyor. Kimi 120.000, kimi 130.000 kimileri de say\u0131s\u0131 epeyce yukar\u0131ya \u00e7ekerek 200.000 ki\u015finin vefat etti\u011fini belirtiyor. Anla\u015f\u0131lan o [&hellip;]<\/p>","protected":false},"author":1,"featured_media":946,"comment_status":"open","ping_status":"open","sticky":false,"template":"","format":"standard","meta":{"footnotes":""},"categories":[10],"tags":[],"class_list":["post-1052","post","type-post","status-publish","format-standard","has-post-thumbnail","hentry","category-ace"],"_links":{"self":[{"href":"https:\/\/guneydoguasyacalismalari.com\/en\/wp-json\/wp\/v2\/posts\/1052","targetHints":{"allow":["GET"]}}],"collection":[{"href":"https:\/\/guneydoguasyacalismalari.com\/en\/wp-json\/wp\/v2\/posts"}],"about":[{"href":"https:\/\/guneydoguasyacalismalari.com\/en\/wp-json\/wp\/v2\/types\/post"}],"author":[{"embeddable":true,"href":"https:\/\/guneydoguasyacalismalari.com\/en\/wp-json\/wp\/v2\/users\/1"}],"replies":[{"embeddable":true,"href":"https:\/\/guneydoguasyacalismalari.com\/en\/wp-json\/wp\/v2\/comments?post=1052"}],"version-history":[{"count":0,"href":"https:\/\/guneydoguasyacalismalari.com\/en\/wp-json\/wp\/v2\/posts\/1052\/revisions"}],"wp:featuredmedia":[{"embeddable":true,"href":"https:\/\/guneydoguasyacalismalari.com\/en\/wp-json\/"}],"wp:attachment":[{"href":"https:\/\/guneydoguasyacalismalari.com\/en\/wp-json\/wp\/v2\/media?parent=1052"}],"wp:term":[{"taxonomy":"category","embeddable":true,"href":"https:\/\/guneydoguasyacalismalari.com\/en\/wp-json\/wp\/v2\/categories?post=1052"},{"taxonomy":"post_tag","embeddable":true,"href":"https:\/\/guneydoguasyacalismalari.com\/en\/wp-json\/wp\/v2\/tags?post=1052"}],"curies":[{"name":"wp","href":"https:\/\/api.w.org\/{rel}","templated":true}]}}